{"id":35419,"date":"2020-12-16T17:51:12","date_gmt":"2020-12-16T16:51:12","guid":{"rendered":"http:\/\/drive-smart.com\/es\/?p=35419"},"modified":"2020-12-29T17:18:13","modified_gmt":"2020-12-29T16:18:13","slug":"toque-de-queda-comunidades-hora-conducir-navidad","status":"publish","type":"post","link":"https:\/\/drive-smart.com\/es\/blog\/2020\/12\/16\/toque-de-queda-comunidades-hora-conducir-navidad\/","title":{"rendered":"Toque de queda, por comunidades. \u00bfHasta qu\u00e9 hora podremos conducir en Navidad?"},"content":{"rendered":"<p>Navidad. Es la cita (casi) ineludible para coger el coche y disfrutar de estas fiestas en familia. En este a\u00f1o marcado por la pandemia, a las medidas de protecci\u00f3n, de seguridad y las restricciones de movilidad, se suma tambi\u00e9n el toque de queda. \u00bfVas a desplazarte a otra comunidad y no sabes cu\u00e1l es el horario del toque de queda? \u00bfEst\u00e1s organizando el viaje para ir a visitar a tu familia y est\u00e1s calculando a qu\u00e9 hora debes salir con el coche para llegar antes del l\u00edmite horario? \u00bfNo sabes si en tu comunidad cambia el toque de queda durante Nochebuena y Nochevieja? \u00bfNo sabes si puedes aprovechar para hacer un viaje largo durante el toque de queda?<\/p>\n<p>Est\u00e1s en el mejor sitio para encontrar respuestas a tus preguntas. \u00a1Te lo contamos!<\/p>\n<h4>Toque de queda: \u00bfQu\u00e9 significa realmente?<\/h4>\n<p>Es la restricci\u00f3n que se aplica a todos los ciudadanos de permanecer o circular por la calle de manera libre y sin una justificaci\u00f3n considerada v\u00e1lida durante un horario establecido.\u00a0<\/p>\n<h4>\u00bfPuedo aprovechar las horas del toque de queda para hacer un viaje a otra comunidad aut\u00f3noma?<\/h4>\n<p>Es una pregunta recurrente estos d\u00edas. La respuesta r\u00e1pida es NO. Ten en cuenta que el toque de queda obliga a no salir\/circular por la calle, durante el horario establecido. De hecho, en el art\u00edculo 5 que publica el BOE se indica que las personas solamente podr\u00e1n circular por la v\u00eda p\u00fablica para realizar estas actividades:<\/p>\n<ul>\n<li>Adquisici\u00f3n de medicamentos o bienes de primera necesidad.<\/li>\n<li>Asistencia a centros sanitarios.<\/li>\n<li>Asistencia a centros veterinarios de urgencia.<\/li>\n<li>Cumplimiento de obligaciones laborales, empresariales, institucionales o legales.<\/li>\n<li>Regreso al lugar de residencia habitual (tras realizar estas actividades)<\/li>\n<li>Asistencia y cuidado de personas mayores, menores o dependientes.<\/li>\n<li>Causas de fuerza mayor.<\/li>\n<li>Otras actividades de an\u00e1loga naturaleza (siempre que est\u00e9 acreditada).<\/li>\n<li>Repostaje en gasolineras si resulta necesario para realizar las actividades anteriores.<\/li>\n<\/ul>\n<h4>\u00bfPuedo estar dentro del coche, con el coche aparcado durante el toque de queda?<\/h4>\n<p>Es otra de las consultas comunes estos d\u00edas. Por ejemplo, si est\u00e1s esperando a un familiar para regresar a casa, si has de hacer una visita de madrugada para dejar los regalos de Pap\u00e1 Noel&#8230; Durante el toque de queda no se puede estar en la calle. Ni siquiera, dentro del coche con el coche apagado y aparcado.\u00a0\u00a0<\/p>\n<h4>El horario del toque de queda, por comunidades<\/h4>\n<p>A continuaci\u00f3n puedes ver el horario del toque de queda actualizado a d\u00eda de hoy 16 de diciembre (continuaremos actualizando los horarios, si se producen cambios) para que pod\u00e1is estar informados de cualquier modificaci\u00f3n.<\/p>\n<p>En \u00e9l puedes ver el horario actual del toque de queda en cada comunidad. Si quieres ver si var\u00eda durante la navidad, selecciona la comunidad que te interesa y podr\u00e1s ver todos los detalles:<\/p>\n<p>&nbsp;<\/p>\n<p><iframe id=\"datawrapper-chart-3T0gf\" style=\"width: 0; min-width: 100% !important; border: none;\" title=\"Toque de queda antes y durante la Navidad\n\" src=\"https:\/\/datawrapper.dwcdn.net\/3T0gf\/4\/\" height=\"466\" frameborder=\"0\" scrolling=\"no\" aria-label=\"Mapa\"><\/iframe><script type=\"text\/javascript\">!function(){\"use strict\";window.addEventListener(\"message\",(function(a){if(void 0!==a.data[\"datawrapper-height\"])for(var e in a.data[\"datawrapper-height\"]){var t=document.getElementById(\"datawrapper-chart-\"+e)||document.querySelector(\"iframe[src*='\"+e+\"']\");t&&(t.style.height=a.data[\"datawrapper-height\"][e]+\"px\")}}))}();\n<\/script><\/p>\n<p><iframe id=\"datawrapper-chart-nQkVD\" style=\"width: 0; min-width: 100% !important; border: none;\" title=\"Horario del toque de queda, por comunidades\" src=\"https:\/\/datawrapper.dwcdn.net\/nQkVD\/1\/\" height=\"1637\" frameborder=\"0\" scrolling=\"no\" aria-label=\"chart\"><\/iframe><script type=\"text\/javascript\">!function(){\"use strict\";window.addEventListener(\"message\",(function(a){if(void 0!==a.data[\"datawrapper-height\"])for(var e in a.data[\"datawrapper-height\"]){var t=document.getElementById(\"datawrapper-chart-\"+e)||document.querySelector(\"iframe[src*='\"+e+\"']\");t&&(t.style.height=a.data[\"datawrapper-height\"][e]+\"px\")}}))}();\n<\/script><\/p>\n<p>(\u00daltima actualizaci\u00f3n de la informaci\u00f3n: Martes, 29 de diciembre a las 17:19 horas)<\/p>\n<p>&nbsp;<\/p>\n<p>\u00bfTienes alguna duda? \u00bfQuieres consultarnos algo acerca del toque de queda en tu comunidad? Escr\u00edbenos a trav\u00e9s de los Comentarios.<\/p>\n<p>&nbsp;<\/p>\n","protected":false},"excerpt":{"rendered":"<p>Navidad. Es la cita (casi) ineludible para coger el coche y disfrutar de estas fiestas en familia. En este a\u00f1o marcado por la pandemia, a las medidas de protecci\u00f3n, de seguridad y las restricciones de movilidad, se suma tambi\u00e9n el toque de queda. \u00bfVas a desplazarte a otra comunidad y no sabes cu\u00e1l es el [&hellip;]<\/p>\n","protected":false},"author":1,"featured_media":35429,"comment_status":"open","ping_status":"closed","sticky":false,"template":"","format":"standard","meta":{"footnotes":""},"categories":[85,92],"tags":[1845,550,138,1086,848,2150,485,1627,647,905,2110,2157,2156],"class_list":["post-35419","post","type-post","status-publish","format-standard","has-post-thumbnail","hentry","category-esta-pasando","category-para-ti-conductor","tag-andalucia","tag-barcelona","tag-conducir","tag-drivesmart","tag-galicia","tag-horario","tag-madrid","tag-movilidad","tag-navidad","tag-pais-vasco","tag-restricciones-de-movilidad","tag-toque-de-queda-hoy","tag-viajar-a-otra-comunidad"],"_links":{"self":[{"href":"https:\/\/drive-smart.com\/es\/wp-json\/wp\/v2\/posts\/35419","targetHints":{"allow":["GET"]}}],"collection":[{"href":"https:\/\/drive-smart.com\/es\/wp-json\/wp\/v2\/posts"}],"about":[{"href":"https:\/\/drive-smart.com\/es\/wp-json\/wp\/v2\/types\/post"}],"author":[{"embeddable":true,"href":"https:\/\/drive-smart.com\/es\/wp-json\/wp\/v2\/users\/1"}],"replies":[{"embeddable":true,"href":"https:\/\/drive-smart.com\/es\/wp-json\/wp\/v2\/comments?post=35419"}],"version-history":[{"count":9,"href":"https:\/\/drive-smart.com\/es\/wp-json\/wp\/v2\/posts\/35419\/revisions"}],"predecessor-version":[{"id":35633,"href":"https:\/\/drive-smart.com\/es\/wp-json\/wp\/v2\/posts\/35419\/revisions\/35633"}],"wp:featuredmedia":[{"embeddable":true,"href":"https:\/\/drive-smart.com\/es\/wp-json\/wp\/v2\/media\/35429"}],"wp:attachment":[{"href":"https:\/\/drive-smart.com\/es\/wp-json\/wp\/v2\/media?parent=35419"}],"wp:term":[{"taxonomy":"category","embeddable":true,"href":"https:\/\/drive-smart.com\/es\/wp-json\/wp\/v2\/categories?post=35419"},{"taxonomy":"post_tag","embeddable":true,"href":"https:\/\/drive-smart.com\/es\/wp-json\/wp\/v2\/tags?post=35419"}],"curies":[{"name":"wp","href":"https:\/\/api.w.org\/{rel}","templated":true}]}}